{"id":129,"date":"2023-06-07T20:39:01","date_gmt":"2023-06-07T23:39:01","guid":{"rendered":"https:\/\/catarsisnews.com\/?p=129"},"modified":"2024-03-13T18:01:10","modified_gmt":"2024-03-13T21:01:10","slug":"la-joaqui-se-retira-de-escenarios","status":"publish","type":"post","link":"https:\/\/catarsisnews.com\/index.php\/2023\/06\/07\/la-joaqui-se-retira-de-escenarios\/","title":{"rendered":"El inesperado anuncio de la joaqui: \u00bfSe retira de los escenarios en 2023?"},"content":{"rendered":"\n<p>Luego de una gran actuaci\u00f3n en los recientes premios Gardel y tres semanas sin ser vencida en el ranking de mayores reproducciones de Billboard, La Joaqui, tambi\u00e9n conocida como Joaquinha Lerena de la Riva, logra posicionarse como una de las artistas m\u00e1s populares de la Argentina e, incluso ha llegado a todo Am\u00e9rica Latina.<\/p>\n\n\n\n<p>Pero una noticia inesperada sorprende a su gran legi\u00f3n de fans. Justo cuando su carrera se encontraba en el punto m\u00e1s alto y su nombre es reconocido en cada uno de los rincones del pa\u00eds, la cantante decide retirarse.&nbsp;<\/p>\n\n\n\n<p>Y es que as\u00ed lo anunci\u00f3 a trav\u00e9s de sus redes sociales, en donde, adem\u00e1s de eliminar todas sus publicaciones hasta el momento, emiti\u00f3 un escueto comunicado que nos deja a todos con la expectativa de una explicaci\u00f3n m\u00e1s contundente.<\/p>\n\n\n\n<p>Una vez&nbsp; m\u00e1s, La Joaqui se ubica entre el podio de las tendencias de Twitter, aunque esta vez, no se trata de el anuncio de un nuevo show, ni otro pr\u00f3ximo lanzamiento musical, sino que su alejamiento de los escenarios caus\u00f3 un gran revuelo.&nbsp;<\/p>\n\n\n\n<p>Hasta su foto de perfil de las redes sociales fue eliminada \u00bfAcaso La Joaqui decidi\u00f3 desaparecer para siempre?<\/p>\n\n\n\n<p>El comunicado se di\u00f3 mediante sus historias y lo \u00fanico que explica es que no regresar\u00e1 a los escenarios por un tiempo indefinido:<\/p>\n\n\n\n<p>\u201cEspero que todos est\u00e9n bien. Hoy quiero compartirles una noticia personal. Debido a motivos de estr\u00e9s traum\u00e1tico, he decidido tomarme un tiempo para cuidar mi salud y mi bienestar. Por esta raz\u00f3n, lamentablemente, no podr\u00e9 realizar m\u00e1s shows hasta nuevo aviso\u201d esto escribi\u00f3 La Joaqui en unas simples letras blancas sobre un fondo negro.&nbsp;<\/p>\n\n\n\n<p>No fue ni cuesti\u00f3n de minutos hasta que su nombre fuera uno de los m\u00e1s mencionados en las redes sociales. Sus fans no paraban de sumarse al debate en torno a este gran suceso.&nbsp;<\/p>\n\n\n\n<h2 class=\"wp-block-heading\"><strong>La salud mental en La Joaqui y los artistas<\/strong><\/h2>\n\n\n\n<p>El mensaje de La Joaqui llega en un contexto en el que, como sociedad, cada vez se le presta m\u00e1s atenci\u00f3n al cuidado de la salud mental. Ya son muchos los artistas argentinos que, en los \u00faltimos meses, se han referido abiertamente al tema eliminando todos los tab\u00fas preinstalados por la sociedad.&nbsp;<\/p>\n\n\n\n<p>Uno de los casos m\u00e1s impactantes fue el de Alejandro Sanz, quien revel\u00f3 en plena gira que se sent\u00eda \u201ctriste y cansado\u201d.<\/p>\n\n\n\n<p>En una entrevista exclusiva que dio a LA NACION a mediados del a\u00f1o 2022, la artista revel\u00f3 que sufre de trastorno de ansiedad desde que tiene apenas 13 a\u00f1os. Tambi\u00e9n comparti\u00f3 con el p\u00fablico que, hasta hace un par de a\u00f1os, padec\u00eda de ataques de p\u00e1nico antes de salir a dar sus shows.&nbsp;<\/p>\n\n\n\n<p>Es evidente que no es la primera vez que la artista se refiere a la salud mental y, por supuesto, todos esperamos que se convierta en una referente sobre el tema y deseamos que vuelva a los escenarios para alegrar a sus fans.&nbsp;<\/p>\n\n\n\n<h2 class=\"wp-block-heading\"><strong>\u00bfTe interesa seguir leyendo sobre tus artistas favortios?<\/strong><\/h2>\n\n\n\n<p>Catarsis News tiene todo lo que necesit\u00e1s saber sobre el mundo de la m\u00fasica y los artistas que lo conforman. No te pierdas de nuestras entrevistas exclusivas con artistas emergentes. <\/p>\n\n\n\n<p>Si te gust\u00f3 esta nota, tambi\u00e9n pod\u00e9s seguir leyendo: <a href=\"https:\/\/catarsisnews.com\/index.php\/2023\/06\/05\/olivia-rodrigo-taylor-swift\/\">Taylor Swift vs. Olivia Rodrigo: La pol\u00e9mica decision de poner a Sabrina Carpenter como telonera<\/a><\/p>\n\n\n\n<p>\u00a1Ahora pod\u00e9s escuchar nuestro podcast en Spotify! Encontranos en <a href=\"https:\/\/open.spotify.com\/show\/6T15yqeMWrBcUGgxsIMg2W?si=Eyz2IIt-T0aHijnj9Q_GTg\">Catarsis Podcast<\/a>.<\/p>\n","protected":false},"excerpt":{"rendered":"<p>Luego de una gran actuaci\u00f3n en los recientes premios Gardel y tres semanas sin ser vencida en el ranking de mayores reproducciones de Billboard, La Joaqui, tambi\u00e9n conocida como Joaquinha Lerena de la Riva, logra posicionarse como una de las artistas m\u00e1s populares de la Argentina e, incluso ha llegado a todo Am\u00e9rica Latina. Pero [&hellip;]<\/p>\n","protected":false},"author":1,"featured_media":131,"comment_status":"open","ping_status":"open","sticky":false,"template":"","format":"standard","meta":{"footnotes":""},"categories":[5],"tags":[56,54,55],"_links":{"self":[{"href":"https:\/\/catarsisnews.com\/index.php\/wp-json\/wp\/v2\/posts\/129"}],"collection":[{"href":"https:\/\/catarsisnews.com\/index.php\/wp-json\/wp\/v2\/posts"}],"about":[{"href":"https:\/\/catarsisnews.com\/index.php\/wp-json\/wp\/v2\/types\/post"}],"author":[{"embeddable":true,"href":"https:\/\/catarsisnews.com\/index.php\/wp-json\/wp\/v2\/users\/1"}],"replies":[{"embeddable":true,"href":"https:\/\/catarsisnews.com\/index.php\/wp-json\/wp\/v2\/comments?post=129"}],"version-history":[{"count":2,"href":"https:\/\/catarsisnews.com\/index.php\/wp-json\/wp\/v2\/posts\/129\/revisions"}],"predecessor-version":[{"id":806,"href":"https:\/\/catarsisnews.com\/index.php\/wp-json\/wp\/v2\/posts\/129\/revisions\/806"}],"wp:featuredmedia":[{"embeddable":true,"href":"https:\/\/catarsisnews.com\/index.php\/wp-json\/wp\/v2\/media\/131"}],"wp:attachment":[{"href":"https:\/\/catarsisnews.com\/index.php\/wp-json\/wp\/v2\/media?parent=129"}],"wp:term":[{"taxonomy":"category","embeddable":true,"href":"https:\/\/catarsisnews.com\/index.php\/wp-json\/wp\/v2\/categories?post=129"},{"taxonomy":"post_tag","embeddable":true,"href":"https:\/\/catarsisnews.com\/index.php\/wp-json\/wp\/v2\/tags?post=129"}],"curies":[{"name":"wp","href":"https:\/\/api.w.org\/{rel}","templated":true}]}}