{"id":832,"date":"2023-11-25T16:39:10","date_gmt":"2023-11-25T19:39:10","guid":{"rendered":"https:\/\/catarsisnews.com\/?p=832"},"modified":"2024-03-13T17:54:00","modified_gmt":"2024-03-13T20:54:00","slug":"luca-ianniello-entrevista","status":"publish","type":"post","link":"https:\/\/catarsisnews.com\/index.php\/2023\/11\/25\/luca-ianniello-entrevista\/","title":{"rendered":"&#8220;Mi objetivo es hacer lo que a mi me gusta&#8221; &#8211; Luca Ianniello"},"content":{"rendered":"\n<p>Fue hace ya dos a\u00f1os cuando Luca Ianniello empez\u00f3 con la m\u00fasica. En realidad su camino musical empez\u00f3 desde mucho antes con algunos acercamientos a la guitarra, pero la profesionalizaci\u00f3n lleg\u00f3 cuando la pandemia se hizo presente.&nbsp;<\/p>\n\n\n\n<p>La pandemia arruin\u00f3 los planes que Luca Ianniello y toda su generaci\u00f3n ten\u00edan para su \u00faltimo a\u00f1o de secundaria. Luego de entender que las restricciones no le permitir\u00edan realizar su viaje de egresados, pidi\u00f3 el dinero de ese viaje para poder invertir en equipamiento y producci\u00f3n para su m\u00fasica. Este fue el principio de su carrera.&nbsp;<\/p>\n\n\n<blockquote class=\"instagram-media\" data-instgrm-captioned data-instgrm-permalink=\"https:\/\/www.instagram.com\/p\/CyUW5XXNdoJ\/?utm_source=ig_embed&amp;utm_campaign=loading\" data-instgrm-version=\"14\" style=\" background:#FFF; border:0; border-radius:3px; box-shadow:0 0 1px 0 rgba(0,0,0,0.5),0 1px 10px 0 rgba(0,0,0,0.15); margin: 1px; max-width:540px; min-width:326px; padding:0; width:99.375%; width:-webkit-calc(100% - 2px); width:calc(100% - 2px);\">\n<div style=\"padding:16px;\"> <a href=\"https:\/\/www.instagram.com\/p\/CyUW5XXNdoJ\/?utm_source=ig_embed&amp;utm_campaign=loading\" style=\" background:#FFFFFF; line-height:0; padding:0 0; text-align:center; text-decoration:none; width:100%;\" target=\"_blank\" rel=\"noopener\"> <\/p>\n<div style=\" display: flex; flex-direction: row; align-items: center;\">\n<div style=\"background-color: #F4F4F4; border-radius: 50%; flex-grow: 0; height: 40px; margin-right: 14px; width: 40px;\"><\/div>\n<div style=\"display: flex; flex-direction: column; flex-grow: 1; justify-content: center;\">\n<div style=\" background-color: #F4F4F4; border-radius: 4px; flex-grow: 0; height: 14px; margin-bottom: 6px; width: 100px;\"><\/div>\n<div style=\" background-color: #F4F4F4; border-radius: 4px; flex-grow: 0; height: 14px; width: 60px;\"><\/div>\n<\/div>\n<\/div>\n<div style=\"padding: 19% 0;\"><\/div>\n<div style=\"display:block; height:50px; margin:0 auto 12px; width:50px;\"><svg width=\"50px\" height=\"50px\" viewBox=\"0 0 60 60\" version=\"1.1\" xmlns=\"https:\/\/www.w3.org\/2000\/svg\" xmlns:xlink=\"https:\/\/www.w3.org\/1999\/xlink\"><g stroke=\"none\" stroke-width=\"1\" fill=\"none\" fill-rule=\"evenodd\"><g transform=\"translate(-511.000000, -20.000000)\" fill=\"#000000\"><g><path d=\"M556.869,30.41 C554.814,30.41 553.148,32.076 553.148,34.131 C553.148,36.186 554.814,37.852 556.869,37.852 C558.924,37.852 560.59,36.186 560.59,34.131 C560.59,32.076 558.924,30.41 556.869,30.41 M541,60.657 C535.114,60.657 530.342,55.887 530.342,50 C530.342,44.114 535.114,39.342 541,39.342 C546.887,39.342 551.658,44.114 551.658,50 C551.658,55.887 546.887,60.657 541,60.657 M541,33.886 C532.1,33.886 524.886,41.1 524.886,50 C524.886,58.899 532.1,66.113 541,66.113 C549.9,66.113 557.115,58.899 557.115,50 C557.115,41.1 549.9,33.886 541,33.886 M565.378,62.101 C565.244,65.022 564.756,66.606 564.346,67.663 C563.803,69.06 563.154,70.057 562.106,71.106 C561.058,72.155 560.06,72.803 558.662,73.347 C557.607,73.757 556.021,74.244 553.102,74.378 C549.944,74.521 548.997,74.552 541,74.552 C533.003,74.552 532.056,74.521 528.898,74.378 C525.979,74.244 524.393,73.757 523.338,73.347 C521.94,72.803 520.942,72.155 519.894,71.106 C518.846,70.057 518.197,69.06 517.654,67.663 C517.244,66.606 516.755,65.022 516.623,62.101 C516.479,58.943 516.448,57.996 516.448,50 C516.448,42.003 516.479,41.056 516.623,37.899 C516.755,34.978 517.244,33.391 517.654,32.338 C518.197,30.938 518.846,29.942 519.894,28.894 C520.942,27.846 521.94,27.196 523.338,26.654 C524.393,26.244 525.979,25.756 528.898,25.623 C532.057,25.479 533.004,25.448 541,25.448 C548.997,25.448 549.943,25.479 553.102,25.623 C556.021,25.756 557.607,26.244 558.662,26.654 C560.06,27.196 561.058,27.846 562.106,28.894 C563.154,29.942 563.803,30.938 564.346,32.338 C564.756,33.391 565.244,34.978 565.378,37.899 C565.522,41.056 565.552,42.003 565.552,50 C565.552,57.996 565.522,58.943 565.378,62.101 M570.82,37.631 C570.674,34.438 570.167,32.258 569.425,30.349 C568.659,28.377 567.633,26.702 565.965,25.035 C564.297,23.368 562.623,22.342 560.652,21.575 C558.743,20.834 556.562,20.326 553.369,20.18 C550.169,20.033 549.148,20 541,20 C532.853,20 531.831,20.033 528.631,20.18 C525.438,20.326 523.257,20.834 521.349,21.575 C519.376,22.342 517.703,23.368 516.035,25.035 C514.368,26.702 513.342,28.377 512.574,30.349 C511.834,32.258 511.326,34.438 511.181,37.631 C511.035,40.831 511,41.851 511,50 C511,58.147 511.035,59.17 511.181,62.369 C511.326,65.562 511.834,67.743 512.574,69.651 C513.342,71.625 514.368,73.296 516.035,74.965 C517.703,76.634 519.376,77.658 521.349,78.425 C523.257,79.167 525.438,79.673 528.631,79.82 C531.831,79.965 532.853,80.001 541,80.001 C549.148,80.001 550.169,79.965 553.369,79.82 C556.562,79.673 558.743,79.167 560.652,78.425 C562.623,77.658 564.297,76.634 565.965,74.965 C567.633,73.296 568.659,71.625 569.425,69.651 C570.167,67.743 570.674,65.562 570.82,62.369 C570.966,59.17 571,58.147 571,50 C571,41.851 570.966,40.831 570.82,37.631\"><\/path><\/g><\/g><\/g><\/svg><\/div>\n<div style=\"padding-top: 8px;\">\n<div style=\" color:#3897f0; font-family:Arial,sans-serif; font-size:14px; font-style:normal; font-weight:550; line-height:18px;\">Ver esta publicaci\u00f3n en Instagram<\/div>\n<\/div>\n<div style=\"padding: 12.5% 0;\"><\/div>\n<div style=\"display: flex; flex-direction: row; margin-bottom: 14px; align-items: center;\">\n<div>\n<div style=\"background-color: #F4F4F4; border-radius: 50%; height: 12.5px; width: 12.5px; transform: translateX(0px) translateY(7px);\"><\/div>\n<div style=\"background-color: #F4F4F4; height: 12.5px; transform: rotate(-45deg) translateX(3px) translateY(1px); width: 12.5px; flex-grow: 0; margin-right: 14px; margin-left: 2px;\"><\/div>\n<div style=\"background-color: #F4F4F4; border-radius: 50%; height: 12.5px; width: 12.5px; transform: translateX(9px) translateY(-18px);\"><\/div>\n<\/div>\n<div style=\"margin-left: 8px;\">\n<div style=\" background-color: #F4F4F4; border-radius: 50%; flex-grow: 0; height: 20px; width: 20px;\"><\/div>\n<div style=\" width: 0; height: 0; border-top: 2px solid transparent; border-left: 6px solid #f4f4f4; border-bottom: 2px solid transparent; transform: translateX(16px) translateY(-4px) rotate(30deg)\"><\/div>\n<\/div>\n<div style=\"margin-left: auto;\">\n<div style=\" width: 0px; border-top: 8px solid #F4F4F4; border-right: 8px solid transparent; transform: translateY(16px);\"><\/div>\n<div style=\" background-color: #F4F4F4; flex-grow: 0; height: 12px; width: 16px; transform: translateY(-4px);\"><\/div>\n<div style=\" width: 0; height: 0; border-top: 8px solid #F4F4F4; border-left: 8px solid transparent; transform: translateY(-4px) translateX(8px);\"><\/div>\n<\/div>\n<\/div>\n<div style=\"display: flex; flex-direction: column; flex-grow: 1; justify-content: center; margin-bottom: 24px;\">\n<div style=\" background-color: #F4F4F4; border-radius: 4px; flex-grow: 0; height: 14px; margin-bottom: 6px; width: 224px;\"><\/div>\n<div style=\" background-color: #F4F4F4; border-radius: 4px; flex-grow: 0; height: 14px; width: 144px;\"><\/div>\n<\/div>\n<p><\/a><\/p>\n<p style=\" color:#c9c8cd; font-family:Arial,sans-serif; font-size:14px; line-height:17px; margin-bottom:0; margin-top:8px; overflow:hidden; padding:8px 0 7px; text-align:center; text-overflow:ellipsis; white-space:nowrap;\"><a href=\"https:\/\/www.instagram.com\/p\/CyUW5XXNdoJ\/?utm_source=ig_embed&amp;utm_campaign=loading\" style=\" color:#c9c8cd; font-family:Arial,sans-serif; font-size:14px; font-style:normal; font-weight:normal; line-height:17px; text-decoration:none;\" target=\"_blank\" rel=\"noopener\">Una publicaci\u00f3n compartida de \ud835\ude47\ud835\ude6a\ud835\ude58\ud835\ude56 \ud835\ude44\ud835\ude56\ud835\ude63\ud835\ude63\ud835\ude5e\ud835\ude5a\ud835\ude61\ud835\ude61\ud835\ude64 (@lucaianniello_)<\/a><\/p>\n<\/div>\n<\/blockquote>\n<p> <script async src=\"\/\/www.instagram.com\/embed.js\"><\/script><\/p>\n\n\n<p>Si hay algo que caracteriz\u00f3 su trabajo fue la autodeterminaci\u00f3n, as\u00ed que cuando not\u00f3 que necesitaba saber algo de producci\u00f3n empez\u00f3 a aprender por medio de YouTube.&nbsp; Con la ayuda de un productor sac\u00f3 su primer single <em>\u201cRecuerdos\u201d<\/em>.&nbsp;<\/p>\n\n\n\n<p>Sin embargo, fue para la siguiente canci\u00f3n cuando consigui\u00f3 a su actual productor <a href=\"https:\/\/www.instagram.com\/milo.oficial_\">Milo<\/a>, a qui\u00e9n encontr\u00f3 investigando en redes sociales. Adem\u00e1s de ser productor, tambi\u00e9n es su coach ontol\u00f3gico y lo ayuda a mantenerse enfocado con su m\u00fasica.&nbsp;<\/p>\n\n\n\n<p><em>\u201cHago todos los d\u00edas algo. En d\u00f3nde m\u00e1s me enfoqu\u00e9 es en tener constancia y contenido diario\u201d<\/em> dice Luca Iannello cuando le pregunto por su estilo de vida con la m\u00fasica y c\u00f3mo el coaching cambi\u00f3 su d\u00eda a d\u00eda.&nbsp;<\/p>\n\n\n\n<h2 class=\"wp-block-heading\"><strong>Luca Ianniello hoy<\/strong><\/h2>\n\n\n<p><iframe style=\"border-radius:12px\" src=\"https:\/\/open.spotify.com\/embed\/artist\/0xC6F8zYphQGegeC11o2dY?utm_source=generator\" width=\"100%\" height=\"352\" frameBorder=\"0\" allowfullscreen=\"\" allow=\"autoplay; clipboard-write; encrypted-media; fullscreen; picture-in-picture\" loading=\"lazy\"><\/iframe><\/p>\n\n\n<p>Poco queda de ese Luca que empez\u00f3 en 2021. Ahora pasa por una etapa en la que puede meterse m\u00e1s con la producci\u00f3n de su m\u00fasica, ha creado su propio m\u00e9todo de tiempos para componer sus canciones y crea historias que comunicar con su obras. Adem\u00e1s tiene su propio proyecto de acompa\u00f1amiento para artistas emergentes con el objetivo de ser, para ellos, esa persona que a \u00e9l le hubiera gustado tener en sus comienzos.&nbsp;<\/p>\n\n\n\n<p>Luego de pasar de lo mel\u00f3dico y urbano al reggaeton, lo que termin\u00f3 por identificarlo fue el estilo R &amp; B con un poco de pop.&nbsp;<\/p>\n\n\n\n<p>Finalmente, con su repertorio de 6 canciones se present\u00f3 por primera vez en vivo en un club de barrio a donde iba cuando era chico y, aunque al principio pens\u00f3 que no quer\u00eda hacerlo p\u00fablico por ser su primera experiencia, la realidad es que lo hizo y result\u00f3 perfectamente.&nbsp;<\/p>\n\n\n<blockquote class=\"instagram-media\" style=\"background: #FFF; border: 0; border-radius: 3px; box-shadow: 0 0 1px 0 rgba(0,0,0,0.5),0 1px 10px 0 rgba(0,0,0,0.15); margin: 1px; max-width: 540px; min-width: 326px; padding: 0; width: calc(100% - 2px);\" data-instgrm-captioned=\"\" data-instgrm-permalink=\"https:\/\/www.instagram.com\/reel\/CxgqnCHryCd\/?utm_source=ig_embed&amp;utm_campaign=loading\" data-instgrm-version=\"14\">\n<div style=\"padding: 16px;\">\n<div style=\"display: flex; flex-direction: row; align-items: center;\">\n<div style=\"background-color: #f4f4f4; border-radius: 50%; flex-grow: 0; height: 40px; margin-right: 14px; width: 40px;\">\u00a0<\/div>\n<div style=\"display: flex; flex-direction: column; flex-grow: 1; justify-content: center;\">\n<div style=\"background-color: #f4f4f4; border-radius: 4px; flex-grow: 0; height: 14px; margin-bottom: 6px; width: 100px;\">\u00a0<\/div>\n<div style=\"background-color: #f4f4f4; border-radius: 4px; flex-grow: 0; height: 14px; width: 60px;\">\u00a0<\/div>\n<\/div>\n<\/div>\n<div style=\"padding: 19% 0;\">\u00a0<\/div>\n<div style=\"display: block; height: 50px; margin: 0 auto 12px; width: 50px;\">\u00a0<\/div>\n<div style=\"padding-top: 8px;\">\n<div style=\"color: #3897f0; font-family: Arial,sans-serif; font-size: 14px; font-style: normal; font-weight: 550; line-height: 18px;\">Ver esta publicaci\u00f3n en Instagram<\/div>\n<\/div>\n<div style=\"padding: 12.5% 0;\">\u00a0<\/div>\n<div style=\"display: flex; flex-direction: row; margin-bottom: 14px; align-items: center;\">\n<div>\n<div style=\"background-color: #f4f4f4; border-radius: 50%; height: 12.5px; width: 12.5px; transform: translateX(0px) translateY(7px);\">\u00a0<\/div>\n<div style=\"background-color: #f4f4f4; height: 12.5px; transform: rotate(-45deg) translateX(3px) translateY(1px); width: 12.5px; flex-grow: 0; margin-right: 14px; margin-left: 2px;\">\u00a0<\/div>\n<div style=\"background-color: #f4f4f4; border-radius: 50%; height: 12.5px; width: 12.5px; transform: translateX(9px) translateY(-18px);\">\u00a0<\/div>\n<\/div>\n<div style=\"margin-left: 8px;\">\n<div style=\"background-color: #f4f4f4; border-radius: 50%; flex-grow: 0; height: 20px; width: 20px;\">\u00a0<\/div>\n<div style=\"width: 0; height: 0; border-top: 2px solid transparent; border-left: 6px solid #f4f4f4; border-bottom: 2px solid transparent; transform: translateX(16px) translateY(-4px) rotate(30deg);\">\u00a0<\/div>\n<\/div>\n<div style=\"margin-left: auto;\">\n<div style=\"width: 0px; border-top: 8px solid #F4F4F4; border-right: 8px solid transparent; transform: translateY(16px);\">\u00a0<\/div>\n<div style=\"background-color: #f4f4f4; flex-grow: 0; height: 12px; width: 16px; transform: translateY(-4px);\">\u00a0<\/div>\n<div style=\"width: 0; height: 0; border-top: 8px solid #F4F4F4; border-left: 8px solid transparent; transform: translateY(-4px) translateX(8px);\">\u00a0<\/div>\n<\/div>\n<\/div>\n<div style=\"display: flex; flex-direction: column; flex-grow: 1; justify-content: center; margin-bottom: 24px;\">\n<div style=\"background-color: #f4f4f4; border-radius: 4px; flex-grow: 0; height: 14px; margin-bottom: 6px; width: 224px;\">\u00a0<\/div>\n<div style=\"background-color: #f4f4f4; border-radius: 4px; flex-grow: 0; height: 14px; width: 144px;\">\u00a0<\/div>\n<\/div>\n<p>\u00a0<\/p>\n<p style=\"color: #c9c8cd; font-family: Arial,sans-serif; font-size: 14px; line-height: 17px; margin-bottom: 0; margin-top: 8px; overflow: hidden; padding: 8px 0 7px; text-align: center; text-overflow: ellipsis; white-space: nowrap;\"><a style=\"color: #c9c8cd; font-family: Arial,sans-serif; font-size: 14px; font-style: normal; font-weight: normal; line-height: 17px; text-decoration: none;\" href=\"https:\/\/www.instagram.com\/reel\/CxgqnCHryCd\/?utm_source=ig_embed&amp;utm_campaign=loading\" target=\"_blank\" rel=\"noopener\">Una publicaci\u00f3n compartida de \ud835\ude47\ud835\ude6a\ud835\ude58\ud835\ude56 \ud835\ude44\ud835\ude56\ud835\ude63\ud835\ude63\ud835\ude5e\ud835\ude5a\ud835\ude61\ud835\ude61\ud835\ude64 (@lucaianniello_)<\/a><\/p>\n<\/div>\n<\/blockquote>\n<p><script async src=\"\/\/www.instagram.com\/embed.js\"><\/script><\/p>\n\n\n<p>Sin duda existe mucho por delante en la carrera de Luca y si quer\u00e9s saberlo, sus redes sociales son el mejor lugar para estar al tanto.&nbsp;<\/p>\n\n\n\n<p>Si te gust\u00f3 saber m\u00e1s sobre la m\u00fasica de Luca Ianniello, tambi\u00e9n pod\u00e9s seguir leyendo: <a href=\"https:\/\/catarsisnews.com\/index.php\/2023\/11\/17\/aro-cohen-proyecto-golmundo\/\">&#8220;El mundo es un parque de atracciones&#8221; &#8211; Aro Cohen<\/a><\/p>\n\n\n\n<div class=\"wp-block-query is-layout-flow wp-block-query-is-layout-flow\"><ul class=\"wp-block-post-template is-layout-flow wp-block-post-template-is-layout-flow\"><li class=\"wp-block-post post-842 post type-post status-publish format-standard has-post-thumbnail hentry category-https-catarsisnews-com-entrevistas tag-blog-de-musica tag-catarsis tag-diario-de-musica tag-indie tag-que-mal-te-sale-vivir tag-rock\">\n\n<div class=\"wp-block-columns are-vertically-aligned-center is-layout-flex wp-container-core-columns-is-layout-1 wp-block-columns-is-layout-flex\">\n<div class=\"wp-block-column is-vertically-aligned-center is-layout-flow wp-block-column-is-layout-flow\" style=\"flex-basis:25%\"><figure class=\"wp-block-post-featured-image\"><a href=\"https:\/\/catarsisnews.com\/index.php\/2023\/11\/30\/que-mal-te-sale-vivir\/\" target=\"_self\"  ><img loading=\"lazy\" decoding=\"async\" width=\"526\" height=\"384\" src=\"https:\/\/catarsisnews.com\/wp-content\/uploads\/2023\/11\/que-mal-te-sale-vivir.png\" class=\"attachment-post-thumbnail size-post-thumbnail wp-post-image\" alt=\"&#8220;Es todo un proyecto con esfuerzo&#8221; &#8211; Que mal te sale vivir\" style=\"object-fit:cover;\" srcset=\"https:\/\/catarsisnews.com\/wp-content\/uploads\/2023\/11\/que-mal-te-sale-vivir.png 526w, https:\/\/catarsisnews.com\/wp-content\/uploads\/2023\/11\/que-mal-te-sale-vivir-300x219.png 300w\" sizes=\"(max-width: 526px) 100vw, 526px\" \/><\/a><\/figure><\/div>\n\n\n\n<div class=\"wp-block-column is-vertically-aligned-center is-layout-flow wp-block-column-is-layout-flow\" style=\"flex-basis:75%\"><h2 class=\"wp-block-post-title\"><a href=\"https:\/\/catarsisnews.com\/index.php\/2023\/11\/30\/que-mal-te-sale-vivir\/\" target=\"_self\" >&#8220;Es todo un proyecto con esfuerzo&#8221; &#8211; Que mal te sale vivir<\/a><\/h2><\/div>\n<\/div>\n\n<\/li><li class=\"wp-block-post post-836 post type-post status-publish format-standard has-post-thumbnail hentry category-https-catarsisnews-com-entrevistas tag-banda-emergente tag-blog-de-musica tag-diario-de-musica tag-fuera-de-serie tag-que-escuchar\">\n\n<div class=\"wp-block-columns are-vertically-aligned-center is-layout-flex wp-container-core-columns-is-layout-2 wp-block-columns-is-layout-flex\">\n<div class=\"wp-block-column is-vertically-aligned-center is-layout-flow wp-block-column-is-layout-flow\" style=\"flex-basis:25%\"><figure class=\"wp-block-post-featured-image\"><a href=\"https:\/\/catarsisnews.com\/index.php\/2023\/11\/28\/fuera-de-serie-entrevista\/\" target=\"_self\"  ><img loading=\"lazy\" decoding=\"async\" width=\"1125\" height=\"943\" src=\"https:\/\/catarsisnews.com\/wp-content\/uploads\/2023\/11\/IMG_3424.jpeg\" class=\"attachment-post-thumbnail size-post-thumbnail wp-post-image\" alt=\"\u201cDec\u00ed que somos una banda de Quilmes, unos fuera de serie\u201d &#8211; Fuera de Serie\" style=\"object-fit:cover;\" srcset=\"https:\/\/catarsisnews.com\/wp-content\/uploads\/2023\/11\/IMG_3424.jpeg 1125w, https:\/\/catarsisnews.com\/wp-content\/uploads\/2023\/11\/IMG_3424-300x251.jpeg 300w, https:\/\/catarsisnews.com\/wp-content\/uploads\/2023\/11\/IMG_3424-1024x858.jpeg 1024w, https:\/\/catarsisnews.com\/wp-content\/uploads\/2023\/11\/IMG_3424-768x644.jpeg 768w\" sizes=\"(max-width: 1125px) 100vw, 1125px\" \/><\/a><\/figure><\/div>\n\n\n\n<div class=\"wp-block-column is-vertically-aligned-center is-layout-flow wp-block-column-is-layout-flow\" style=\"flex-basis:75%\"><h2 class=\"wp-block-post-title\"><a href=\"https:\/\/catarsisnews.com\/index.php\/2023\/11\/28\/fuera-de-serie-entrevista\/\" target=\"_self\" >\u201cDec\u00ed que somos una banda de Quilmes, unos fuera de serie\u201d &#8211; Fuera de Serie<\/a><\/h2><\/div>\n<\/div>\n\n<\/li><li class=\"wp-block-post post-832 post type-post status-publish format-standard has-post-thumbnail hentry category-https-catarsisnews-com-entrevistas tag-blog-de-musica tag-diario-de-musica tag-luca-ianniello tag-que-escuchar tag-rb\">\n\n<div class=\"wp-block-columns are-vertically-aligned-center is-layout-flex wp-container-core-columns-is-layout-3 wp-block-columns-is-layout-flex\">\n<div class=\"wp-block-column is-vertically-aligned-center is-layout-flow wp-block-column-is-layout-flow\" style=\"flex-basis:25%\"><figure class=\"wp-block-post-featured-image\"><a href=\"https:\/\/catarsisnews.com\/index.php\/2023\/11\/25\/luca-ianniello-entrevista\/\" target=\"_self\"  ><img loading=\"lazy\" decoding=\"async\" width=\"526\" height=\"335\" src=\"https:\/\/catarsisnews.com\/wp-content\/uploads\/2023\/11\/Luca-Ianniello-catarsis.png\" class=\"attachment-post-thumbnail size-post-thumbnail wp-post-image\" alt=\"&#8220;Mi objetivo es hacer lo que a mi me gusta&#8221; &#8211; Luca Ianniello\" style=\"object-fit:cover;\" srcset=\"https:\/\/catarsisnews.com\/wp-content\/uploads\/2023\/11\/Luca-Ianniello-catarsis.png 526w, https:\/\/catarsisnews.com\/wp-content\/uploads\/2023\/11\/Luca-Ianniello-catarsis-300x191.png 300w\" sizes=\"(max-width: 526px) 100vw, 526px\" \/><\/a><\/figure><\/div>\n\n\n\n<div class=\"wp-block-column is-vertically-aligned-center is-layout-flow wp-block-column-is-layout-flow\" style=\"flex-basis:75%\"><h2 class=\"wp-block-post-title\"><a href=\"https:\/\/catarsisnews.com\/index.php\/2023\/11\/25\/luca-ianniello-entrevista\/\" target=\"_self\" >&#8220;Mi objetivo es hacer lo que a mi me gusta&#8221; &#8211; Luca Ianniello<\/a><\/h2><\/div>\n<\/div>\n\n<\/li><\/ul><\/div>\n","protected":false},"excerpt":{"rendered":"<p>Fue hace ya dos a\u00f1os cuando Luca Ianniello empez\u00f3 con la m\u00fasica. En realidad su camino musical empez\u00f3 desde mucho antes con algunos acercamientos a la guitarra, pero la profesionalizaci\u00f3n lleg\u00f3 cuando la pandemia se hizo presente.&nbsp; La pandemia arruin\u00f3 los planes que Luca Ianniello y toda su generaci\u00f3n ten\u00edan para su \u00faltimo a\u00f1o de [&hellip;]<\/p>\n","protected":false},"author":1,"featured_media":834,"comment_status":"open","ping_status":"open","sticky":false,"template":"","format":"standard","meta":{"footnotes":""},"categories":[10],"tags":[329,330,347,303,348],"_links":{"self":[{"href":"https:\/\/catarsisnews.com\/index.php\/wp-json\/wp\/v2\/posts\/832"}],"collection":[{"href":"https:\/\/catarsisnews.com\/index.php\/wp-json\/wp\/v2\/posts"}],"about":[{"href":"https:\/\/catarsisnews.com\/index.php\/wp-json\/wp\/v2\/types\/post"}],"author":[{"embeddable":true,"href":"https:\/\/catarsisnews.com\/index.php\/wp-json\/wp\/v2\/users\/1"}],"replies":[{"embeddable":true,"href":"https:\/\/catarsisnews.com\/index.php\/wp-json\/wp\/v2\/comments?post=832"}],"version-history":[{"count":2,"href":"https:\/\/catarsisnews.com\/index.php\/wp-json\/wp\/v2\/posts\/832\/revisions"}],"predecessor-version":[{"id":835,"href":"https:\/\/catarsisnews.com\/index.php\/wp-json\/wp\/v2\/posts\/832\/revisions\/835"}],"wp:featuredmedia":[{"embeddable":true,"href":"https:\/\/catarsisnews.com\/index.php\/wp-json\/wp\/v2\/media\/834"}],"wp:attachment":[{"href":"https:\/\/catarsisnews.com\/index.php\/wp-json\/wp\/v2\/media?parent=832"}],"wp:term":[{"taxonomy":"category","embeddable":true,"href":"https:\/\/catarsisnews.com\/index.php\/wp-json\/wp\/v2\/categories?post=832"},{"taxonomy":"post_tag","embeddable":true,"href":"https:\/\/catarsisnews.com\/index.php\/wp-json\/wp\/v2\/tags?post=832"}],"curies":[{"name":"wp","href":"https:\/\/api.w.org\/{rel}","templated":true}]}}